{"id":101,"date":"2022-12-13T23:57:13","date_gmt":"2022-12-13T23:57:13","guid":{"rendered":"http:\/\/fakler.es\/parisviii\/?p=101"},"modified":"2022-12-30T18:26:28","modified_gmt":"2022-12-30T18:26:28","slug":"paul-leautaud","status":"publish","type":"post","link":"https:\/\/fakler.es\/parisviii\/2022\/12\/13\/paul-leautaud\/","title":{"rendered":"Paul L\u00e9autaud"},"content":{"rendered":"\n<p> Li Byung-ok, eine Koreanerin,war so nett,wir haben zusammen in der gleichen Uni studiert, und sie war bereit ihr Appartement in Puteaux mit mir zu teilen. Sie hat schliesslich eine These \u00fcber Paul L\u00e9autaud gemacht. Und mir auch \u00fcber Andr\u00e9 Malraux erz\u00e4hlt. Ich hab mich immer gefragt was es da f\u00fcr einen Zusammenhang geben k\u00f6nnte.<\/p>\n\n\n\n<p>L\u00e9ataud ist dadurch bekannt dass er die Zirkel der Boh\u00e8me frquentiert hat. Er war selbst kein Schriftsteller und hat nur die Werke der Schriftsteller kommentiert.<\/p>\n\n\n\n<p>Was ich bei L\u00e9ataud bewundert habe waren seine Radiointerviews. Er hatte auch im hohen Alter nichts an Scharfsinnigkeit verloren. Das heisst er hatte so eine Art kausistischen Humor, schien mir von Schopenhauer inspiriert und f\u00e4llte vernichtende Urteile.<\/p>\n\n\n\n<p>Meine Mitbewohnerin hat lange an ihrer These (f\u00fcr das Doktorat) gearbeitet.   Der Titel hiess Paul L\u00e9autaud : l&#8217;\u00e9crivain et ses autoportraits und sie wurde von Byung-ok Li unter der Aufsicht von  Claude Leroy &#8211; Paris 10 (Nanterre) schliesslich verteidigt.<\/p>\n\n\n\n<p>siehe auch :<\/p>\n\n\n\n<p><a href=\"https:\/\/www.theses.fr\/1996PA100075\">https:\/\/www.theses.fr\/1996PA100075<\/a><\/p>\n\n\n\n<p>Quel homme se cache derri\u00e8re l&#8217;\u00e9crivain Paul L\u00e9autaud ? Quelle \u00e9tait sa vraie pesonnalit\u00e9 ? Correspond-elle \u00e0 l&#8217;image qu&#8217;il nous a laiss\u00e9e ? Telles sont les principales questions auxquelles nous consacrons notre \u00e9tude. L&#8217;essentiel de notre travail consiste \u00e0 restituer et \u00e0 nuancer les portraits que L\u00e9autaud nous a laiss\u00e9s. Notre perception de L\u00e9autaud comme \u00e9crivain non litt\u00e9raire est le th\u00e8me principal de notre \u00e9tude. Est-il po\u00e8te, romancier ou autographe ? Par manque d&#8217;inspiration ou par absence de v\u00e9ritable don litt\u00e9raire, il subit sa difficile condition d&#8217;\u00e9crivain. Malgr\u00e9 son ambition d&#8217;\u00eatre un v\u00e9ritable \u00e9crivain, il s&#8217;av\u00e8re \u00eatre surtout un &#8222;\u00e9crivant&#8220;. Pourquoi \u00e9crit-il donc ? Dans son journal litt\u00e9raire, il assouvit sa &#8222;manie \u00e9crivante&#8220; et son plaisir intime dans une profonde auto-satisfaction. Dans ses \u00e9crits transparaissent n\u00e9anmoins toutes les faiblesses de la condition humaine de l&#8217;homme L\u00e9autaud. La 3e partie analyse les multiples d\u00e9sirs, conflits, aspirations, fantaisies et fantasmes de L\u00e9autaud qui \u00e9clairent sa vraie personnalit\u00e9. Par le d\u00e9doublement permanent de ses \u00e9crits, paroles et comportements, il exprime l&#8217;homme qu&#8217;il voudrait \u00eatre. Nous terminons par l&#8217;\u00e9tude de la forme \u00e9crite et du style L\u00e9autaud sur lequel il a souvent insist\u00e9 et par lequel il affirme sa fonction d&#8217;\u00e9crivain qui lui importe tant.<\/p>\n","protected":false},"excerpt":{"rendered":"<p>Li Byung-ok, eine Koreanerin,war so nett,wir haben zusammen in der gleichen Uni studiert, und sie war bereit ihr Appartement in Puteaux mit mir zu teilen. Sie hat schliesslich eine These \u00fcber Paul L\u00e9autaud gemacht. Und mir auch \u00fcber Andr\u00e9 Malraux erz\u00e4hlt. Ich hab mich immer gefragt was es da f\u00fcr einen Zusammenhang geben k\u00f6nnte. L\u00e9ataud [&hellip;]<\/p>\n","protected":false},"author":1,"featured_media":0,"comment_status":"open","ping_status":"open","sticky":false,"template":"","format":"standard","meta":[],"categories":[6,10],"tags":[20],"_links":{"self":[{"href":"https:\/\/fakler.es\/parisviii\/wp-json\/wp\/v2\/posts\/101"}],"collection":[{"href":"https:\/\/fakler.es\/parisviii\/wp-json\/wp\/v2\/posts"}],"about":[{"href":"https:\/\/fakler.es\/parisviii\/wp-json\/wp\/v2\/types\/post"}],"author":[{"embeddable":true,"href":"https:\/\/fakler.es\/parisviii\/wp-json\/wp\/v2\/users\/1"}],"replies":[{"embeddable":true,"href":"https:\/\/fakler.es\/parisviii\/wp-json\/wp\/v2\/comments?post=101"}],"version-history":[{"count":5,"href":"https:\/\/fakler.es\/parisviii\/wp-json\/wp\/v2\/posts\/101\/revisions"}],"predecessor-version":[{"id":117,"href":"https:\/\/fakler.es\/parisviii\/wp-json\/wp\/v2\/posts\/101\/revisions\/117"}],"wp:attachment":[{"href":"https:\/\/fakler.es\/parisviii\/wp-json\/wp\/v2\/media?parent=101"}],"wp:term":[{"taxonomy":"category","embeddable":true,"href":"https:\/\/fakler.es\/parisviii\/wp-json\/wp\/v2\/categories?post=101"},{"taxonomy":"post_tag","embeddable":true,"href":"https:\/\/fakler.es\/parisviii\/wp-json\/wp\/v2\/tags?post=101"}],"curies":[{"name":"wp","href":"https:\/\/api.w.org\/{rel}","templated":true}]}}